{"id":3091,"date":"2021-06-23T13:34:21","date_gmt":"2021-06-23T17:34:21","guid":{"rendered":"https:\/\/concurrentdisorders.ca\/?p=3091"},"modified":"2023-01-23T07:17:28","modified_gmt":"2023-01-23T07:17:28","slug":"3091","status":"publish","type":"post","link":"https:\/\/cdspress.ca\/?p=3091","title":{"rendered":""},"content":{"rendered":"<p><strong>Chapter title: <\/strong>Mental health among South American college students: Is there a before and after the COVID-19 pandemic?<\/p>\n<p><strong>Author: <\/strong>Lorena Cecilia L\u00f3pez Steinmetz, Ph.D.<\/p>\n<p><strong>Affiliation: <\/strong>University Siglo, C\u00f3rdoba, Argentina<\/p>\n<p><strong>Author: <\/strong>Shao Bing Fong, Ph.D.<\/p>\n<p><strong>Affiliation: <\/strong>University of Rennes, France<\/p>\n<p><strong>Author: <\/strong>Juan Carlos Godoy, Ph.D.<\/p>\n<p><strong>Affiliation: <\/strong>National University of C\u00f3rdoba, Argentina<\/p>\n<p><strong>Author Biographies:<\/strong><\/p>\n<p>Dr. Prof. L\u00f3pez Steinemtz is a postdoctoral research scientist at the Brain Lat Institute (The Latin American Brain Health Institute) in the University Adolfo Iba\u00f1ez (Santiago, Chile), conducting research mainly on mental health-related topics. She has also been working on interdisciplinary projects spanning the areas of data analysis, physical health, and environmental features affecting health. She maintains strong affiliations as an ex postdoctoral researcher with the Faculty of Psychology of the National University of C\u00f3rdoba (C\u00f3rdoba, Argentina), and is a Titular Professor at the University Siglo (C\u00f3rdoba, Argentina).<\/p>\n<p><img loading=\"lazy\" decoding=\"async\" src=\"https:\/\/cdspress.ca\/wp-content\/uploads\/2021\/06\/Picture1-150x150.png?crop=1\" class=\"aligncenter size-full wp-image-3093\" width=\"150\" height=\"150\" srcset=\"https:\/\/cdspress.ca\/wp-content\/uploads\/2021\/06\/Picture1-150x150.png 150w, https:\/\/cdspress.ca\/wp-content\/uploads\/2021\/06\/Picture1-100x100.png 100w, https:\/\/cdspress.ca\/wp-content\/uploads\/2021\/06\/Picture1.png 233w\" sizes=\"auto, (max-width: 150px) 100vw, 150px\" \/><\/p>\n<p>&nbsp;<\/p>\n<p>Dr. Fong is a research scientist at the University of Rennes (France) and has been working on interdisciplinary projects spanning in areas of microbiology, immunology, dentistry and mental health. She maintains strong affiliations as an alumnus of the University of Melbourne (Parkville, Melbourne, Australia) where she earned her doctorate and worked as a researcher previously.<\/p>\n<p><img loading=\"lazy\" decoding=\"async\" src=\"https:\/\/cdspress.ca\/wp-content\/uploads\/2021\/06\/Picture1-1-2-150x150.png?crop=1\" class=\"aligncenter size-full wp-image-3094\" width=\"150\" height=\"150\"><\/p>\n<p>Dr. Prof. Godoy is a researcher and professor at the Institute of Psychological Research (IIPsi) from the National University of C\u00f3rdoba (UNC, C\u00f3rdoba, Argentina) and the National Council for Scientific and Technical Research (CONICET, Argentina), and the Director of the \u201cLaboratory of Psychology\u201d in the University\u2019s Faculty of Psychology.&nbsp; He also serves as the Executive Editor of the Argentine Journal of Behavioral Sciences (Revista Argentina de Ciencias del Comportamiento, RACC).<\/p>\n<p><img loading=\"lazy\" decoding=\"async\" src=\"https:\/\/cdspress.ca\/wp-content\/uploads\/2021\/06\/Picture1-2-1-150x150.png?crop=1\" class=\"aligncenter size-full wp-image-3096\" width=\"150\" height=\"150\"><\/p>\n","protected":false},"excerpt":{"rendered":"<p>Chapter title: Mental health among South American college students: Is there a before and after the COVID-19 pandemic? Author: Lorena Cecilia L\u00f3pez Steinmetz, Ph.D. Affiliation: &hellip;<\/p>\n","protected":false},"author":1,"featured_media":0,"comment_status":"closed","ping_status":"open","sticky":false,"template":"","format":"standard","meta":{"_jetpack_memberships_contains_paid_content":false,"footnotes":""},"categories":[22],"tags":[],"class_list":["post-3091","post","type-post","status-publish","format-standard","hentry","category-post-secondary-education-student-mental-health"],"jetpack_featured_media_url":"","jetpack_sharing_enabled":true,"_links":{"self":[{"href":"https:\/\/cdspress.ca\/index.php?rest_route=\/wp\/v2\/posts\/3091","targetHints":{"allow":["GET"]}}],"collection":[{"href":"https:\/\/cdspress.ca\/index.php?rest_route=\/wp\/v2\/posts"}],"about":[{"href":"https:\/\/cdspress.ca\/index.php?rest_route=\/wp\/v2\/types\/post"}],"author":[{"embeddable":true,"href":"https:\/\/cdspress.ca\/index.php?rest_route=\/wp\/v2\/users\/1"}],"replies":[{"embeddable":true,"href":"https:\/\/cdspress.ca\/index.php?rest_route=%2Fwp%2Fv2%2Fcomments&post=3091"}],"version-history":[{"count":1,"href":"https:\/\/cdspress.ca\/index.php?rest_route=\/wp\/v2\/posts\/3091\/revisions"}],"predecessor-version":[{"id":7313,"href":"https:\/\/cdspress.ca\/index.php?rest_route=\/wp\/v2\/posts\/3091\/revisions\/7313"}],"wp:attachment":[{"href":"https:\/\/cdspress.ca\/index.php?rest_route=%2Fwp%2Fv2%2Fmedia&parent=3091"}],"wp:term":[{"taxonomy":"category","embeddable":true,"href":"https:\/\/cdspress.ca\/index.php?rest_route=%2Fwp%2Fv2%2Fcategories&post=3091"},{"taxonomy":"post_tag","embeddable":true,"href":"https:\/\/cdspress.ca\/index.php?rest_route=%2Fwp%2Fv2%2Ftags&post=3091"}],"curies":[{"name":"wp","href":"https:\/\/api.w.org\/{rel}","templated":true}]}}